{"id":1848,"date":"2018-11-23T19:52:08","date_gmt":"2018-11-23T19:52:08","guid":{"rendered":"https:\/\/micm.org.br\/?p=1848"},"modified":"2018-11-26T19:53:58","modified_gmt":"2018-11-26T19:53:58","slug":"mission-amazon-arrives-in-sao-sebastiao-da-boa-vista-pa","status":"publish","type":"post","link":"https:\/\/micm.org.br\/en\/brazil\/mission-amazon-arrives-in-sao-sebastiao-da-boa-vista-pa\/","title":{"rendered":"Mission Amazon arrives in S\u00e3o Sebasti\u00e3o da Boa Vista-PA"},"content":{"rendered":"<p>In the middle of the Amazon rainforest, in order to get access to the riverside cities, roads are like rivers and cars are like boats. And it is like that, sailing, that the whole course of the sixth Mission Amazon is being carried out. This Friday morning, 23, at 11am, volunteers will sail four hours between Bagre and S\u00e3o Sebasti\u00e3o da Boa Vista, in the Maraj\u00f3 islands, the last point of the social and evangelistic assistance.<\/p>\n<p><img decoding=\"async\" class=\"size-thumbnail wp-image-1752 alignleft\" src=\"https:\/\/micm.org.br\/wp-content\/uploads\/2018\/11\/Sa\u0303o-Sebastia\u0303o-16-150x150.jpg\" alt=\"\" width=\"150\" height=\"150\" srcset=\"https:\/\/micm.org.br\/wp-content\/uploads\/2018\/11\/Sa\u0303o-Sebastia\u0303o-16-150x150.jpg 150w, https:\/\/micm.org.br\/wp-content\/uploads\/2018\/11\/Sa\u0303o-Sebastia\u0303o-16-66x66.jpg 66w\" sizes=\"(max-width: 150px) 100vw, 150px\" \/>After lunch, they embarked for Vila Raquel, a community located in the rural area of the municipality. The first medical and dental consultations began at the local health post, coming up to a total of 119 consultations and procedures. Even with limited physical structure and no electric power, the medical team of the Maranatha Christian Mission began working. &#8220;We found people who had never received dental care,&#8221; said surgeon Poliano Venturim. In the midst of medical procedures, the evangelists seized the opportunity to speak of God&#8217;s love and delivered a word of salvation to patients and prayed for their lives. Salvation is a divine act that leads men to believe, by the Word of God, that Jesus Christ is the only and sufficient Savior, dead on the cross to provide men with eternal life.<\/p>\n<p><img decoding=\"async\" class=\"size-thumbnail wp-image-1753 alignright\" src=\"https:\/\/micm.org.br\/wp-content\/uploads\/2018\/11\/Sa\u0303o-Sebastia\u0303o-40-150x150.jpg\" alt=\"\" width=\"150\" height=\"150\" srcset=\"https:\/\/micm.org.br\/wp-content\/uploads\/2018\/11\/Sa\u0303o-Sebastia\u0303o-40-150x150.jpg 150w, https:\/\/micm.org.br\/wp-content\/uploads\/2018\/11\/Sa\u0303o-Sebastia\u0303o-40-66x66.jpg 66w\" sizes=\"(max-width: 150px) 100vw, 150px\" \/>At night, everyone attended a church service pastored by Pastor Miltinho, on the Umarituba River, which the Maranatha Christian Church has been attending. The children sang and made gestures of praise to God; a biblical message of strengthening and encouragement was given to the brethren; and there was assistance to visitors, through prayer with the laying on of hands according to the need of each life. The volunteers returned to the urban area of S\u00e3o Sebasti\u00e3o da Boa Vista, full of blessings of joy and encouragement, to rest after another day of work. They left with the certainty of a heart always willing to do the Work of the Lord Jesus.<\/p>\n<p>Por Andr\u00e9ia Talma<br \/>\nTradu\u00e7\u00e3o de J\u00fania Cidade<\/p>\n<p><iframe src=\"\/\/player.vimeo.com\/video\/302843868?title=0&amp;amp;byline=0\" width=\"640\" height=\"360\" frameborder=\"0\" allowfullscreen=\"allowfullscreen\"><\/iframe><\/p>\n<p>Fotos de F\u00e1bio Castro e Luc\u00e9lia Loureiro<\/p>\n<div id='gallery-1' class='gallery galleryid-1848 gallery-columns-3 gallery-size-thumbnail'><figure class='gallery-item'>\n\t\t\t<div class='gallery-icon landscape'>\n\t\t\t\t<a href='https:\/\/micm.org.br\/en\/brasil\/missao-amazonia-chega-em-sao-sebastiao-da-boa-vista-pa\/attachment\/sa%cc%83o-sebastia%cc%83o-1\/'><img decoding=\"async\" width=\"150\" height=\"150\" src=\"https:\/\/micm.org.br\/wp-content\/uploads\/2018\/11\/Sa\u0303o-Sebastia\u0303o-1-150x150.jpg\" class=\"attachment-thumbnail size-thumbnail\" alt=\"\" srcset=\"https:\/\/micm.org.br\/wp-content\/uploads\/2018\/11\/Sa\u0303o-Sebastia\u0303o-1-150x150.jpg 150w, https:\/\/micm.org.br\/wp-content\/uploads\/2018\/11\/Sa\u0303o-Sebastia\u0303o-1-66x66.jpg 66w\" sizes=\"(max-width: 150px) 100vw, 150px\" \/><\/a>\n\t\t\t<\/div><\/figure><figure class='gallery-item'>\n\t\t\t<div class='gallery-icon landscape'>\n\t\t\t\t<a href='https:\/\/micm.org.br\/en\/brasil\/missao-amazonia-chega-em-sao-sebastiao-da-boa-vista-pa\/attachment\/sa%cc%83o-sebastia%cc%83o-2\/'><img loading=\"lazy\" decoding=\"async\" width=\"150\" height=\"150\" src=\"https:\/\/micm.org.br\/wp-content\/uploads\/2018\/11\/Sa\u0303o-Sebastia\u0303o-2-150x150.jpg\" class=\"attachment-thumbnail size-thumbnail\" alt=\"\" srcset=\"https:\/\/micm.org.br\/wp-content\/uploads\/2018\/11\/Sa\u0303o-Sebastia\u0303o-2-150x150.jpg 150w, https:\/\/micm.org.br\/wp-content\/uploads\/2018\/11\/Sa\u0303o-Sebastia\u0303o-2-66x66.jpg 66w\" sizes=\"(max-width: 150px) 100vw, 150px\" \/><\/a>\n\t\t\t<\/div><\/figure><figure class='gallery-item'>\n\t\t\t<div class='gallery-icon landscape'>\n\t\t\t\t<a href='https:\/\/micm.org.br\/en\/brasil\/missao-amazonia-chega-em-sao-sebastiao-da-boa-vista-pa\/attachment\/sa%cc%83o-sebastia%cc%83o-4\/'><img loading=\"lazy\" decoding=\"async\" width=\"150\" height=\"150\" src=\"https:\/\/micm.org.br\/wp-content\/uploads\/2018\/11\/Sa\u0303o-Sebastia\u0303o-4-150x150.jpg\" class=\"attachment-thumbnail size-thumbnail\" alt=\"\" srcset=\"https:\/\/micm.org.br\/wp-content\/uploads\/2018\/11\/Sa\u0303o-Sebastia\u0303o-4-150x150.jpg 150w, https:\/\/micm.org.br\/wp-content\/uploads\/2018\/11\/Sa\u0303o-Sebastia\u0303o-4-66x66.jpg 66w\" sizes=\"(max-width: 150px) 100vw, 150px\" \/><\/a>\n\t\t\t<\/div><\/figure><figure class='gallery-item'>\n\t\t\t<div class='gallery-icon landscape'>\n\t\t\t\t<a href='https:\/\/micm.org.br\/en\/brasil\/missao-amazonia-chega-em-sao-sebastiao-da-boa-vista-pa\/attachment\/sa%cc%83o-sebastia%cc%83o-5\/'><img loading=\"lazy\" decoding=\"async\" width=\"150\" height=\"150\" src=\"https:\/\/micm.org.br\/wp-content\/uploads\/2018\/11\/Sa\u0303o-Sebastia\u0303o-5-150x150.jpg\" class=\"attachment-thumbnail size-thumbnail\" alt=\"\" srcset=\"https:\/\/micm.org.br\/wp-content\/uploads\/2018\/11\/Sa\u0303o-Sebastia\u0303o-5-150x150.jpg 150w, https:\/\/micm.org.br\/wp-content\/uploads\/2018\/11\/Sa\u0303o-Sebastia\u0303o-5-66x66.jpg 66w\" sizes=\"(max-width: 150px) 100vw, 150px\" \/><\/a>\n\t\t\t<\/div><\/figure><figure class='gallery-item'>\n\t\t\t<div class='gallery-icon landscape'>\n\t\t\t\t<a href='https:\/\/micm.org.br\/en\/brasil\/missao-amazonia-chega-em-sao-sebastiao-da-boa-vista-pa\/attachment\/sa%cc%83o-sebastia%cc%83o-9\/'><img loading=\"lazy\" decoding=\"async\" width=\"150\" height=\"150\" src=\"https:\/\/micm.org.br\/wp-content\/uploads\/2018\/11\/Sa\u0303o-Sebastia\u0303o-9-150x150.jpg\" class=\"attachment-thumbnail size-thumbnail\" alt=\"\" srcset=\"https:\/\/micm.org.br\/wp-content\/uploads\/2018\/11\/Sa\u0303o-Sebastia\u0303o-9-150x150.jpg 150w, https:\/\/micm.org.br\/wp-content\/uploads\/2018\/11\/Sa\u0303o-Sebastia\u0303o-9-66x66.jpg 66w\" sizes=\"(max-width: 150px) 100vw, 150px\" \/><\/a>\n\t\t\t<\/div><\/figure><figure class='gallery-item'>\n\t\t\t<div class='gallery-icon landscape'>\n\t\t\t\t<a href='https:\/\/micm.org.br\/en\/brasil\/missao-amazonia-chega-em-sao-sebastiao-da-boa-vista-pa\/attachment\/sa%cc%83o-sebastia%cc%83o-11\/'><img loading=\"lazy\" decoding=\"async\" width=\"150\" height=\"150\" src=\"https:\/\/micm.org.br\/wp-content\/uploads\/2018\/11\/Sa\u0303o-Sebastia\u0303o-11-150x150.jpg\" class=\"attachment-thumbnail size-thumbnail\" alt=\"\" srcset=\"https:\/\/micm.org.br\/wp-content\/uploads\/2018\/11\/Sa\u0303o-Sebastia\u0303o-11-150x150.jpg 150w, https:\/\/micm.org.br\/wp-content\/uploads\/2018\/11\/Sa\u0303o-Sebastia\u0303o-11-66x66.jpg 66w\" sizes=\"(max-width: 150px) 100vw, 150px\" \/><\/a>\n\t\t\t<\/div><\/figure><figure class='gallery-item'>\n\t\t\t<div class='gallery-icon landscape'>\n\t\t\t\t<a href='https:\/\/micm.org.br\/en\/brasil\/missao-amazonia-chega-em-sao-sebastiao-da-boa-vista-pa\/attachment\/sa%cc%83o-sebastia%cc%83o-12\/'><img loading=\"lazy\" decoding=\"async\" width=\"150\" height=\"150\" src=\"https:\/\/micm.org.br\/wp-content\/uploads\/2018\/11\/Sa\u0303o-Sebastia\u0303o-12-150x150.jpg\" class=\"attachment-thumbnail size-thumbnail\" alt=\"\" srcset=\"https:\/\/micm.org.br\/wp-content\/uploads\/2018\/11\/Sa\u0303o-Sebastia\u0303o-12-150x150.jpg 150w, https:\/\/micm.org.br\/wp-content\/uploads\/2018\/11\/Sa\u0303o-Sebastia\u0303o-12-66x66.jpg 66w\" sizes=\"(max-width: 150px) 100vw, 150px\" \/><\/a>\n\t\t\t<\/div><\/figure><figure class='gallery-item'>\n\t\t\t<div class='gallery-icon landscape'>\n\t\t\t\t<a href='https:\/\/micm.org.br\/en\/brasil\/missao-amazonia-chega-em-sao-sebastiao-da-boa-vista-pa\/attachment\/sa%cc%83o-sebastia%cc%83o-13\/'><img loading=\"lazy\" decoding=\"async\" width=\"150\" height=\"150\" src=\"https:\/\/micm.org.br\/wp-content\/uploads\/2018\/11\/Sa\u0303o-Sebastia\u0303o-13-150x150.jpg\" class=\"attachment-thumbnail size-thumbnail\" alt=\"\" srcset=\"https:\/\/micm.org.br\/wp-content\/uploads\/2018\/11\/Sa\u0303o-Sebastia\u0303o-13-150x150.jpg 150w, https:\/\/micm.org.br\/wp-content\/uploads\/2018\/11\/Sa\u0303o-Sebastia\u0303o-13-66x66.jpg 66w\" sizes=\"(max-width: 150px) 100vw, 150px\" \/><\/a>\n\t\t\t<\/div><\/figure><figure class='gallery-item'>\n\t\t\t<div class='gallery-icon landscape'>\n\t\t\t\t<a href='https:\/\/micm.org.br\/en\/brasil\/missao-amazonia-chega-em-sao-sebastiao-da-boa-vista-pa\/attachment\/sa%cc%83o-sebastia%cc%83o-14\/'><img loading=\"lazy\" decoding=\"async\" width=\"150\" height=\"150\" src=\"https:\/\/micm.org.br\/wp-content\/uploads\/2018\/11\/Sa\u0303o-Sebastia\u0303o-14-150x150.jpg\" class=\"attachment-thumbnail size-thumbnail\" alt=\"\" srcset=\"https:\/\/micm.org.br\/wp-content\/uploads\/2018\/11\/Sa\u0303o-Sebastia\u0303o-14-150x150.jpg 150w, https:\/\/micm.org.br\/wp-content\/uploads\/2018\/11\/Sa\u0303o-Sebastia\u0303o-14-66x66.jpg 66w\" sizes=\"(max-width: 150px) 100vw, 150px\" \/><\/a>\n\t\t\t<\/div><\/figure><figure class='gallery-item'>\n\t\t\t<div class='gallery-icon landscape'>\n\t\t\t\t<a href='https:\/\/micm.org.br\/en\/brasil\/missao-amazonia-chega-em-sao-sebastiao-da-boa-vista-pa\/attachment\/sa%cc%83o-sebastia%cc%83o-15\/'><img loading=\"lazy\" decoding=\"async\" width=\"150\" height=\"150\" src=\"https:\/\/micm.org.br\/wp-content\/uploads\/2018\/11\/Sa\u0303o-Sebastia\u0303o-15-150x150.jpg\" class=\"attachment-thumbnail size-thumbnail\" alt=\"\" srcset=\"https:\/\/micm.org.br\/wp-content\/uploads\/2018\/11\/Sa\u0303o-Sebastia\u0303o-15-150x150.jpg 150w, https:\/\/micm.org.br\/wp-content\/uploads\/2018\/11\/Sa\u0303o-Sebastia\u0303o-15-66x66.jpg 66w\" sizes=\"(max-width: 150px) 100vw, 150px\" \/><\/a>\n\t\t\t<\/div><\/figure><figure class='gallery-item'>\n\t\t\t<div class='gallery-icon landscape'>\n\t\t\t\t<a href='https:\/\/micm.org.br\/en\/brasil\/missao-amazonia-chega-em-sao-sebastiao-da-boa-vista-pa\/attachment\/sa%cc%83o-sebastia%cc%83o-17\/'><img loading=\"lazy\" decoding=\"async\" width=\"150\" height=\"150\" src=\"https:\/\/micm.org.br\/wp-content\/uploads\/2018\/11\/Sa\u0303o-Sebastia\u0303o-17-150x150.jpg\" class=\"attachment-thumbnail size-thumbnail\" alt=\"\" srcset=\"https:\/\/micm.org.br\/wp-content\/uploads\/2018\/11\/Sa\u0303o-Sebastia\u0303o-17-150x150.jpg 150w, https:\/\/micm.org.br\/wp-content\/uploads\/2018\/11\/Sa\u0303o-Sebastia\u0303o-17-66x66.jpg 66w\" sizes=\"(max-width: 150px) 100vw, 150px\" \/><\/a>\n\t\t\t<\/div><\/figure><figure class='gallery-item'>\n\t\t\t<div class='gallery-icon landscape'>\n\t\t\t\t<a href='https:\/\/micm.org.br\/en\/brasil\/missao-amazonia-chega-em-sao-sebastiao-da-boa-vista-pa\/attachment\/sa%cc%83o-sebastia%cc%83o-19\/'><img loading=\"lazy\" decoding=\"async\" width=\"150\" height=\"150\" src=\"https:\/\/micm.org.br\/wp-content\/uploads\/2018\/11\/Sa\u0303o-Sebastia\u0303o-19-150x150.jpg\" class=\"attachment-thumbnail size-thumbnail\" alt=\"\" srcset=\"https:\/\/micm.org.br\/wp-content\/uploads\/2018\/11\/Sa\u0303o-Sebastia\u0303o-19-150x150.jpg 150w, https:\/\/micm.org.br\/wp-content\/uploads\/2018\/11\/Sa\u0303o-Sebastia\u0303o-19-66x66.jpg 66w\" sizes=\"(max-width: 150px) 100vw, 150px\" \/><\/a>\n\t\t\t<\/div><\/figure><figure class='gallery-item'>\n\t\t\t<div class='gallery-icon landscape'>\n\t\t\t\t<a href='https:\/\/micm.org.br\/en\/brasil\/missao-amazonia-chega-em-sao-sebastiao-da-boa-vista-pa\/attachment\/sa%cc%83o-sebastia%cc%83o-20\/'><img loading=\"lazy\" decoding=\"async\" width=\"150\" height=\"150\" src=\"https:\/\/micm.org.br\/wp-content\/uploads\/2018\/11\/Sa\u0303o-Sebastia\u0303o-20-150x150.jpg\" class=\"attachment-thumbnail size-thumbnail\" alt=\"\" srcset=\"https:\/\/micm.org.br\/wp-content\/uploads\/2018\/11\/Sa\u0303o-Sebastia\u0303o-20-150x150.jpg 150w, https:\/\/micm.org.br\/wp-content\/uploads\/2018\/11\/Sa\u0303o-Sebastia\u0303o-20-66x66.jpg 66w\" sizes=\"(max-width: 150px) 100vw, 150px\" \/><\/a>\n\t\t\t<\/div><\/figure><figure class='gallery-item'>\n\t\t\t<div class='gallery-icon landscape'>\n\t\t\t\t<a href='https:\/\/micm.org.br\/en\/brasil\/missao-amazonia-chega-em-sao-sebastiao-da-boa-vista-pa\/attachment\/sa%cc%83o-sebastia%cc%83o-21\/'><img loading=\"lazy\" decoding=\"async\" width=\"150\" height=\"150\" src=\"https:\/\/micm.org.br\/wp-content\/uploads\/2018\/11\/Sa\u0303o-Sebastia\u0303o-21-150x150.jpg\" class=\"attachment-thumbnail size-thumbnail\" alt=\"\" srcset=\"https:\/\/micm.org.br\/wp-content\/uploads\/2018\/11\/Sa\u0303o-Sebastia\u0303o-21-150x150.jpg 150w, https:\/\/micm.org.br\/wp-content\/uploads\/2018\/11\/Sa\u0303o-Sebastia\u0303o-21-66x66.jpg 66w\" sizes=\"(max-width: 150px) 100vw, 150px\" \/><\/a>\n\t\t\t<\/div><\/figure><figure class='gallery-item'>\n\t\t\t<div class='gallery-icon landscape'>\n\t\t\t\t<a href='https:\/\/micm.org.br\/en\/brasil\/missao-amazonia-chega-em-sao-sebastiao-da-boa-vista-pa\/attachment\/sa%cc%83o-sebastia%cc%83o-22\/'><img loading=\"lazy\" decoding=\"async\" width=\"150\" height=\"150\" src=\"https:\/\/micm.org.br\/wp-content\/uploads\/2018\/11\/Sa\u0303o-Sebastia\u0303o-22-150x150.jpg\" class=\"attachment-thumbnail size-thumbnail\" alt=\"\" srcset=\"https:\/\/micm.org.br\/wp-content\/uploads\/2018\/11\/Sa\u0303o-Sebastia\u0303o-22-150x150.jpg 150w, https:\/\/micm.org.br\/wp-content\/uploads\/2018\/11\/Sa\u0303o-Sebastia\u0303o-22-66x66.jpg 66w\" sizes=\"(max-width: 150px) 100vw, 150px\" \/><\/a>\n\t\t\t<\/div><\/figure><figure class='gallery-item'>\n\t\t\t<div class='gallery-icon landscape'>\n\t\t\t\t<a href='https:\/\/micm.org.br\/en\/brasil\/missao-amazonia-chega-em-sao-sebastiao-da-boa-vista-pa\/attachment\/sa%cc%83o-sebastia%cc%83o-23\/'><img loading=\"lazy\" decoding=\"async\" width=\"150\" height=\"150\" src=\"https:\/\/micm.org.br\/wp-content\/uploads\/2018\/11\/Sa\u0303o-Sebastia\u0303o-23-150x150.jpg\" class=\"attachment-thumbnail size-thumbnail\" alt=\"\" srcset=\"https:\/\/micm.org.br\/wp-content\/uploads\/2018\/11\/Sa\u0303o-Sebastia\u0303o-23-150x150.jpg 150w, https:\/\/micm.org.br\/wp-content\/uploads\/2018\/11\/Sa\u0303o-Sebastia\u0303o-23-66x66.jpg 66w\" sizes=\"(max-width: 150px) 100vw, 150px\" \/><\/a>\n\t\t\t<\/div><\/figure><figure class='gallery-item'>\n\t\t\t<div class='gallery-icon landscape'>\n\t\t\t\t<a href='https:\/\/micm.org.br\/en\/brasil\/missao-amazonia-chega-em-sao-sebastiao-da-boa-vista-pa\/attachment\/sa%cc%83o-sebastia%cc%83o-25\/'><img loading=\"lazy\" decoding=\"async\" width=\"150\" height=\"150\" src=\"https:\/\/micm.org.br\/wp-content\/uploads\/2018\/11\/Sa\u0303o-Sebastia\u0303o-25-150x150.jpg\" class=\"attachment-thumbnail size-thumbnail\" alt=\"\" srcset=\"https:\/\/micm.org.br\/wp-content\/uploads\/2018\/11\/Sa\u0303o-Sebastia\u0303o-25-150x150.jpg 150w, https:\/\/micm.org.br\/wp-content\/uploads\/2018\/11\/Sa\u0303o-Sebastia\u0303o-25-66x66.jpg 66w\" sizes=\"(max-width: 150px) 100vw, 150px\" \/><\/a>\n\t\t\t<\/div><\/figure><figure class='gallery-item'>\n\t\t\t<div class='gallery-icon landscape'>\n\t\t\t\t<a href='https:\/\/micm.org.br\/en\/brasil\/missao-amazonia-chega-em-sao-sebastiao-da-boa-vista-pa\/attachment\/sa%cc%83o-sebastia%cc%83o-27\/'><img loading=\"lazy\" decoding=\"async\" width=\"150\" height=\"150\" src=\"https:\/\/micm.org.br\/wp-content\/uploads\/2018\/11\/Sa\u0303o-Sebastia\u0303o-27-150x150.jpg\" class=\"attachment-thumbnail size-thumbnail\" alt=\"\" srcset=\"https:\/\/micm.org.br\/wp-content\/uploads\/2018\/11\/Sa\u0303o-Sebastia\u0303o-27-150x150.jpg 150w, https:\/\/micm.org.br\/wp-content\/uploads\/2018\/11\/Sa\u0303o-Sebastia\u0303o-27-66x66.jpg 66w\" sizes=\"(max-width: 150px) 100vw, 150px\" \/><\/a>\n\t\t\t<\/div><\/figure><figure class='gallery-item'>\n\t\t\t<div class='gallery-icon landscape'>\n\t\t\t\t<a href='https:\/\/micm.org.br\/en\/brasil\/missao-amazonia-chega-em-sao-sebastiao-da-boa-vista-pa\/attachment\/sa%cc%83o-sebastia%cc%83o-29\/'><img loading=\"lazy\" decoding=\"async\" width=\"150\" height=\"150\" src=\"https:\/\/micm.org.br\/wp-content\/uploads\/2018\/11\/Sa\u0303o-Sebastia\u0303o-29-150x150.jpg\" class=\"attachment-thumbnail size-thumbnail\" alt=\"\" srcset=\"https:\/\/micm.org.br\/wp-content\/uploads\/2018\/11\/Sa\u0303o-Sebastia\u0303o-29-150x150.jpg 150w, https:\/\/micm.org.br\/wp-content\/uploads\/2018\/11\/Sa\u0303o-Sebastia\u0303o-29-66x66.jpg 66w\" sizes=\"(max-width: 150px) 100vw, 150px\" \/><\/a>\n\t\t\t<\/div><\/figure><figure class='gallery-item'>\n\t\t\t<div class='gallery-icon landscape'>\n\t\t\t\t<a href='https:\/\/micm.org.br\/en\/brasil\/missao-amazonia-chega-em-sao-sebastiao-da-boa-vista-pa\/attachment\/sa%cc%83o-sebastia%cc%83o-30\/'><img loading=\"lazy\" decoding=\"async\" width=\"150\" height=\"150\" src=\"https:\/\/micm.org.br\/wp-content\/uploads\/2018\/11\/Sa\u0303o-Sebastia\u0303o-30-150x150.jpg\" class=\"attachment-thumbnail size-thumbnail\" alt=\"\" srcset=\"https:\/\/micm.org.br\/wp-content\/uploads\/2018\/11\/Sa\u0303o-Sebastia\u0303o-30-150x150.jpg 150w, https:\/\/micm.org.br\/wp-content\/uploads\/2018\/11\/Sa\u0303o-Sebastia\u0303o-30-66x66.jpg 66w\" sizes=\"(max-width: 150px) 100vw, 150px\" \/><\/a>\n\t\t\t<\/div><\/figure><figure class='gallery-item'>\n\t\t\t<div class='gallery-icon landscape'>\n\t\t\t\t<a href='https:\/\/micm.org.br\/en\/brasil\/missao-amazonia-chega-em-sao-sebastiao-da-boa-vista-pa\/attachment\/sa%cc%83o-sebastia%cc%83o-32\/'><img loading=\"lazy\" decoding=\"async\" width=\"150\" height=\"150\" src=\"https:\/\/micm.org.br\/wp-content\/uploads\/2018\/11\/Sa\u0303o-Sebastia\u0303o-32-150x150.jpg\" class=\"attachment-thumbnail size-thumbnail\" alt=\"\" srcset=\"https:\/\/micm.org.br\/wp-content\/uploads\/2018\/11\/Sa\u0303o-Sebastia\u0303o-32-150x150.jpg 150w, https:\/\/micm.org.br\/wp-content\/uploads\/2018\/11\/Sa\u0303o-Sebastia\u0303o-32-66x66.jpg 66w\" sizes=\"(max-width: 150px) 100vw, 150px\" \/><\/a>\n\t\t\t<\/div><\/figure><figure class='gallery-item'>\n\t\t\t<div class='gallery-icon landscape'>\n\t\t\t\t<a href='https:\/\/micm.org.br\/en\/brasil\/missao-amazonia-chega-em-sao-sebastiao-da-boa-vista-pa\/attachment\/sa%cc%83o-sebastia%cc%83o-33\/'><img loading=\"lazy\" decoding=\"async\" width=\"150\" height=\"150\" src=\"https:\/\/micm.org.br\/wp-content\/uploads\/2018\/11\/Sa\u0303o-Sebastia\u0303o-33-150x150.jpg\" class=\"attachment-thumbnail size-thumbnail\" alt=\"\" srcset=\"https:\/\/micm.org.br\/wp-content\/uploads\/2018\/11\/Sa\u0303o-Sebastia\u0303o-33-150x150.jpg 150w, https:\/\/micm.org.br\/wp-content\/uploads\/2018\/11\/Sa\u0303o-Sebastia\u0303o-33-66x66.jpg 66w\" sizes=\"(max-width: 150px) 100vw, 150px\" \/><\/a>\n\t\t\t<\/div><\/figure><figure class='gallery-item'>\n\t\t\t<div class='gallery-icon landscape'>\n\t\t\t\t<a href='https:\/\/micm.org.br\/en\/brasil\/missao-amazonia-chega-em-sao-sebastiao-da-boa-vista-pa\/attachment\/sa%cc%83o-sebastia%cc%83o-34\/'><img loading=\"lazy\" decoding=\"async\" width=\"150\" height=\"150\" src=\"https:\/\/micm.org.br\/wp-content\/uploads\/2018\/11\/Sa\u0303o-Sebastia\u0303o-34-150x150.jpg\" class=\"attachment-thumbnail size-thumbnail\" alt=\"\" srcset=\"https:\/\/micm.org.br\/wp-content\/uploads\/2018\/11\/Sa\u0303o-Sebastia\u0303o-34-150x150.jpg 150w, https:\/\/micm.org.br\/wp-content\/uploads\/2018\/11\/Sa\u0303o-Sebastia\u0303o-34-66x66.jpg 66w\" sizes=\"(max-width: 150px) 100vw, 150px\" \/><\/a>\n\t\t\t<\/div><\/figure><figure class='gallery-item'>\n\t\t\t<div class='gallery-icon landscape'>\n\t\t\t\t<a href='https:\/\/micm.org.br\/en\/brasil\/missao-amazonia-chega-em-sao-sebastiao-da-boa-vista-pa\/attachment\/sa%cc%83o-sebastia%cc%83o-35\/'><img loading=\"lazy\" decoding=\"async\" width=\"150\" height=\"150\" src=\"https:\/\/micm.org.br\/wp-content\/uploads\/2018\/11\/Sa\u0303o-Sebastia\u0303o-35-150x150.jpg\" class=\"attachment-thumbnail size-thumbnail\" alt=\"\" srcset=\"https:\/\/micm.org.br\/wp-content\/uploads\/2018\/11\/Sa\u0303o-Sebastia\u0303o-35-150x150.jpg 150w, https:\/\/micm.org.br\/wp-content\/uploads\/2018\/11\/Sa\u0303o-Sebastia\u0303o-35-66x66.jpg 66w\" sizes=\"(max-width: 150px) 100vw, 150px\" \/><\/a>\n\t\t\t<\/div><\/figure><figure class='gallery-item'>\n\t\t\t<div class='gallery-icon landscape'>\n\t\t\t\t<a href='https:\/\/micm.org.br\/en\/brasil\/missao-amazonia-chega-em-sao-sebastiao-da-boa-vista-pa\/attachment\/sa%cc%83o-sebastia%cc%83o-36\/'><img loading=\"lazy\" decoding=\"async\" width=\"150\" height=\"150\" src=\"https:\/\/micm.org.br\/wp-content\/uploads\/2018\/11\/Sa\u0303o-Sebastia\u0303o-36-150x150.jpg\" class=\"attachment-thumbnail size-thumbnail\" alt=\"\" srcset=\"https:\/\/micm.org.br\/wp-content\/uploads\/2018\/11\/Sa\u0303o-Sebastia\u0303o-36-150x150.jpg 150w, https:\/\/micm.org.br\/wp-content\/uploads\/2018\/11\/Sa\u0303o-Sebastia\u0303o-36-66x66.jpg 66w\" sizes=\"(max-width: 150px) 100vw, 150px\" \/><\/a>\n\t\t\t<\/div><\/figure><figure class='gallery-item'>\n\t\t\t<div class='gallery-icon landscape'>\n\t\t\t\t<a href='https:\/\/micm.org.br\/en\/brasil\/missao-amazonia-chega-em-sao-sebastiao-da-boa-vista-pa\/attachment\/sa%cc%83o-sebastia%cc%83o-37\/'><img loading=\"lazy\" decoding=\"async\" width=\"150\" height=\"150\" src=\"https:\/\/micm.org.br\/wp-content\/uploads\/2018\/11\/Sa\u0303o-Sebastia\u0303o-37-150x150.jpg\" class=\"attachment-thumbnail size-thumbnail\" alt=\"\" srcset=\"https:\/\/micm.org.br\/wp-content\/uploads\/2018\/11\/Sa\u0303o-Sebastia\u0303o-37-150x150.jpg 150w, https:\/\/micm.org.br\/wp-content\/uploads\/2018\/11\/Sa\u0303o-Sebastia\u0303o-37-66x66.jpg 66w\" sizes=\"(max-width: 150px) 100vw, 150px\" \/><\/a>\n\t\t\t<\/div><\/figure><figure class='gallery-item'>\n\t\t\t<div class='gallery-icon portrait'>\n\t\t\t\t<a href='https:\/\/micm.org.br\/en\/brasil\/missao-amazonia-chega-em-sao-sebastiao-da-boa-vista-pa\/attachment\/sa%cc%83o-sebastia%cc%83o-38\/'><img loading=\"lazy\" decoding=\"async\" width=\"150\" height=\"150\" src=\"https:\/\/micm.org.br\/wp-content\/uploads\/2018\/11\/Sa\u0303o-Sebastia\u0303o-38-150x150.jpg\" class=\"attachment-thumbnail size-thumbnail\" alt=\"\" srcset=\"https:\/\/micm.org.br\/wp-content\/uploads\/2018\/11\/Sa\u0303o-Sebastia\u0303o-38-150x150.jpg 150w, https:\/\/micm.org.br\/wp-content\/uploads\/2018\/11\/Sa\u0303o-Sebastia\u0303o-38-66x66.jpg 66w\" sizes=\"(max-width: 150px) 100vw, 150px\" \/><\/a>\n\t\t\t<\/div><\/figure><figure class='gallery-item'>\n\t\t\t<div class='gallery-icon landscape'>\n\t\t\t\t<a href='https:\/\/micm.org.br\/en\/brasil\/missao-amazonia-chega-em-sao-sebastiao-da-boa-vista-pa\/attachment\/sa%cc%83o-sebastia%cc%83o-39\/'><img loading=\"lazy\" decoding=\"async\" width=\"150\" height=\"150\" src=\"https:\/\/micm.org.br\/wp-content\/uploads\/2018\/11\/Sa\u0303o-Sebastia\u0303o-39-150x150.jpg\" class=\"attachment-thumbnail size-thumbnail\" alt=\"\" srcset=\"https:\/\/micm.org.br\/wp-content\/uploads\/2018\/11\/Sa\u0303o-Sebastia\u0303o-39-150x150.jpg 150w, https:\/\/micm.org.br\/wp-content\/uploads\/2018\/11\/Sa\u0303o-Sebastia\u0303o-39-66x66.jpg 66w\" sizes=\"(max-width: 150px) 100vw, 150px\" \/><\/a>\n\t\t\t<\/div><\/figure><figure class='gallery-item'>\n\t\t\t<div class='gallery-icon landscape'>\n\t\t\t\t<a href='https:\/\/micm.org.br\/en\/brasil\/missao-amazonia-chega-em-sao-sebastiao-da-boa-vista-pa\/attachment\/sa%cc%83o-sebastia%cc%83o-41\/'><img loading=\"lazy\" decoding=\"async\" width=\"150\" height=\"150\" src=\"https:\/\/micm.org.br\/wp-content\/uploads\/2018\/11\/Sa\u0303o-Sebastia\u0303o-41-150x150.jpg\" class=\"attachment-thumbnail size-thumbnail\" alt=\"\" srcset=\"https:\/\/micm.org.br\/wp-content\/uploads\/2018\/11\/Sa\u0303o-Sebastia\u0303o-41-150x150.jpg 150w, https:\/\/micm.org.br\/wp-content\/uploads\/2018\/11\/Sa\u0303o-Sebastia\u0303o-41-66x66.jpg 66w\" sizes=\"(max-width: 150px) 100vw, 150px\" \/><\/a>\n\t\t\t<\/div><\/figure><figure class='gallery-item'>\n\t\t\t<div class='gallery-icon landscape'>\n\t\t\t\t<a href='https:\/\/micm.org.br\/en\/brasil\/missao-amazonia-chega-em-sao-sebastiao-da-boa-vista-pa\/attachment\/sa%cc%83o-sebastia%cc%83o-42\/'><img loading=\"lazy\" decoding=\"async\" width=\"150\" height=\"150\" src=\"https:\/\/micm.org.br\/wp-content\/uploads\/2018\/11\/Sa\u0303o-Sebastia\u0303o-42-150x150.jpg\" class=\"attachment-thumbnail size-thumbnail\" alt=\"\" srcset=\"https:\/\/micm.org.br\/wp-content\/uploads\/2018\/11\/Sa\u0303o-Sebastia\u0303o-42-150x150.jpg 150w, https:\/\/micm.org.br\/wp-content\/uploads\/2018\/11\/Sa\u0303o-Sebastia\u0303o-42-66x66.jpg 66w\" sizes=\"(max-width: 150px) 100vw, 150px\" \/><\/a>\n\t\t\t<\/div><\/figure>\n\t\t<\/div>\n\n","protected":false},"excerpt":{"rendered":"<p>In the middle of the Amazon rainforest, in order to get access to the riverside cities, roads are like rivers and cars are like boats. And it is like that, sailing, that the whole course of the sixth Mission Amazon is being carried out. This Friday morning, 23, at 11am, volunteers will sail four hours [&hellip;]<\/p>\n","protected":false},"author":4,"featured_media":1751,"comment_status":"open","ping_status":"open","sticky":false,"template":"","format":"standard","meta":{"footnotes":""},"categories":[118],"tags":[],"class_list":["post-1848","post","type-post","status-publish","format-standard","has-post-thumbnail","hentry","category-brazil"],"blocksy_meta":{"styles_descriptor":{"styles":{"desktop":"","tablet":"","mobile":""},"google_fonts":[],"version":6}},"_links":{"self":[{"href":"https:\/\/micm.org.br\/en\/wp-json\/wp\/v2\/posts\/1848","targetHints":{"allow":["GET"]}}],"collection":[{"href":"https:\/\/micm.org.br\/en\/wp-json\/wp\/v2\/posts"}],"about":[{"href":"https:\/\/micm.org.br\/en\/wp-json\/wp\/v2\/types\/post"}],"author":[{"embeddable":true,"href":"https:\/\/micm.org.br\/en\/wp-json\/wp\/v2\/users\/4"}],"replies":[{"embeddable":true,"href":"https:\/\/micm.org.br\/en\/wp-json\/wp\/v2\/comments?post=1848"}],"version-history":[{"count":0,"href":"https:\/\/micm.org.br\/en\/wp-json\/wp\/v2\/posts\/1848\/revisions"}],"wp:featuredmedia":[{"embeddable":true,"href":"https:\/\/micm.org.br\/en\/wp-json\/wp\/v2\/media\/1751"}],"wp:attachment":[{"href":"https:\/\/micm.org.br\/en\/wp-json\/wp\/v2\/media?parent=1848"}],"wp:term":[{"taxonomy":"category","embeddable":true,"href":"https:\/\/micm.org.br\/en\/wp-json\/wp\/v2\/categories?post=1848"},{"taxonomy":"post_tag","embeddable":true,"href":"https:\/\/micm.org.br\/en\/wp-json\/wp\/v2\/tags?post=1848"}],"curies":[{"name":"wp","href":"https:\/\/api.w.org\/{rel}","templated":true}]}}